{"id":2955,"date":"2024-08-27T22:42:13","date_gmt":"2024-08-27T21:42:13","guid":{"rendered":"https:\/\/www.ovildanse.fr\/?p=2955"},"modified":"2026-01-04T20:28:54","modified_gmt":"2026-01-04T20:28:54","slug":"rentree-ovildanse-saison-2024-2025","status":"publish","type":"post","link":"https:\/\/test.ovildanse.fr\/draft\/index.php\/2024\/08\/27\/rentree-ovildanse-saison-2024-2025\/","title":{"rendered":"Rentr\u00e9e Ovil&rsquo;Danse saison 2024-2025"},"content":{"rendered":"\n<h3><img loading=\"lazy\" decoding=\"async\" class=\"aligncenter size-large wp-image-2956\"  title=\"\"  src=\"https:\/\/test.ovildanse.fr\/draft\/wp-content\/uploads\/2024\/08\/flyer-a5-recto-731x1024.jpg\"  alt=\"flyer-a5-recto-731x1024 Rentr\u00e9e Ovil&#039;Danse saison 2024-2025\"  width=\"731\" height=\"1024\" \/><\/h3>\n<h3>Ovil&rsquo;Danse fait sa rentr\u00e9e avec toujours des nouveaut\u00e9s pour cette nouvelle saison:<\/h3>\n<p>Aux c\u00f4t\u00e9s de nos incontournables cours de <strong>SALSA<\/strong>, <strong>BACHATA<\/strong>, <strong>KIZOMBA<\/strong>, <strong>WEST COAST SWING<\/strong>, <strong>ZUMBA<\/strong>, <strong>PILATES<\/strong>, vous pourrez retrouver les cours de <strong>TANGO<\/strong> et <strong>YOGA<\/strong> initi\u00e9s la saison pass\u00e9e et, apr\u00e8s plusieurs saisons d&rsquo;absence, le grand retour des cours de <strong>ROCK<\/strong>.<\/p>\n<p>Vous retrouverez vos professeurs pr\u00e9f\u00e9r\u00e9s, hormis pour les cours de\u00a0 <strong>West Coast<\/strong> qui seront assur\u00e9s par un couple de nouveaux professeurs, <strong>Aurore &amp; Romain<\/strong>.<\/p>\n<p>Les cours de <strong>Rock<\/strong> seront dispens\u00e9s par <strong>St\u00e9phane<\/strong>, nouveau venu parmi nous.<\/p>\n<h3 class=\"has-text-color\"><strong>ATTENTION\u00a0: Nouvelle grille de cours<\/strong><\/h3>\n<p>Afin de pouvoir r\u00e9pondre au mieux aux souhaits de nos adh\u00e9rents, nous avons revu la r\u00e9partition des niveaux et des horaires.<\/p>\n<ul>\n<li>La <strong>Salsa Cubaine<\/strong>, la <strong>Bachata<\/strong>, le <strong>West Coast Swing<\/strong> et le <strong>Rock<\/strong> sont propos\u00e9s sur 2 niveaux\u00a0: <em>d\u00e9butant<\/em> et <em>\u00e9volutif<\/em><\/li>\n<li>La <strong>Kizomba<\/strong> se d\u00e9cline sur 3 niveaux\u00a0: <em>d\u00e9butant<\/em>, <em>\u00e9volutif<\/em> et <em>avanc\u00e9<\/em>.<\/li>\n<li>Un seul niveau de <strong>Tango<\/strong>, propos\u00e9 dans un format <em>\u00e9volutif<\/em> qui sera adapt\u00e9 en fonction des adh\u00e9rents.<\/li>\n<li>Le <strong>Pilates<\/strong> et le <strong>Yoga<\/strong> sont propos\u00e9s en semaine ou le week-end.<\/li>\n<li>La <strong>Zumba<\/strong> est toujours propos\u00e9e en 2 cr\u00e9neaux de m\u00eame niveau.<\/li>\n<\/ul>\n<p><strong>TOUS<\/strong> nos cours, y compris la Zumba, ont lieu d\u00e9sormais \u00e0 l&rsquo;\u00e9cole <strong>FERDINAND BUISSON.<\/strong><\/p>\n<p>Nous vous donnons rendez-vous d\u00e8s le <strong>samedi 7 septembre au forum des associations<\/strong>\u00a0 (parc Charles de Gaulle \u00e0 Houilles), pour vous informer, vous inscrire et assister \u00e0 une d\u00e9mo de nos danseurs et professeurs (<strong>d\u00e9mo de 16h10<\/strong> \u00e0 16h30) et aux <strong>cours<\/strong> \u00e0 partir du lundi 9 septembre.<\/p>\n<p>\u00a0<\/p>\n","protected":false},"excerpt":{"rendered":"<p>Ovil&rsquo;Danse fait sa rentr\u00e9e avec toujours des nouveaut\u00e9s pour cette nouvelle saison: Aux c\u00f4t\u00e9s de nos incontournables cours de SALSA, BACHATA, KIZOMBA, WEST COAST SWING, ZUMBA, PILATES, vous pourrez retrouver les cours de TANGO et YOGA initi\u00e9s la saison pass\u00e9e et, apr\u00e8s plusieurs saisons d&rsquo;absence, le grand retour des cours de ROCK. Vous retrouverez vos [&hellip;]<\/p>\n","protected":false},"author":1,"featured_media":0,"comment_status":"open","ping_status":"open","sticky":false,"template":"","format":"standard","meta":{"footnotes":""},"categories":[11],"tags":[],"class_list":["post-2955","post","type-post","status-publish","format-standard","hentry","category-infos"],"_links":{"self":[{"href":"https:\/\/test.ovildanse.fr\/draft\/index.php\/wp-json\/wp\/v2\/posts\/2955","targetHints":{"allow":["GET"]}}],"collection":[{"href":"https:\/\/test.ovildanse.fr\/draft\/index.php\/wp-json\/wp\/v2\/posts"}],"about":[{"href":"https:\/\/test.ovildanse.fr\/draft\/index.php\/wp-json\/wp\/v2\/types\/post"}],"author":[{"embeddable":true,"href":"https:\/\/test.ovildanse.fr\/draft\/index.php\/wp-json\/wp\/v2\/users\/1"}],"replies":[{"embeddable":true,"href":"https:\/\/test.ovildanse.fr\/draft\/index.php\/wp-json\/wp\/v2\/comments?post=2955"}],"version-history":[{"count":1,"href":"https:\/\/test.ovildanse.fr\/draft\/index.php\/wp-json\/wp\/v2\/posts\/2955\/revisions"}],"predecessor-version":[{"id":3735,"href":"https:\/\/test.ovildanse.fr\/draft\/index.php\/wp-json\/wp\/v2\/posts\/2955\/revisions\/3735"}],"wp:attachment":[{"href":"https:\/\/test.ovildanse.fr\/draft\/index.php\/wp-json\/wp\/v2\/media?parent=2955"}],"wp:term":[{"taxonomy":"category","embeddable":true,"href":"https:\/\/test.ovildanse.fr\/draft\/index.php\/wp-json\/wp\/v2\/categories?post=2955"},{"taxonomy":"post_tag","embeddable":true,"href":"https:\/\/test.ovildanse.fr\/draft\/index.php\/wp-json\/wp\/v2\/tags?post=2955"}],"curies":[{"name":"wp","href":"https:\/\/api.w.org\/{rel}","templated":true}]}}