{"id":2652,"date":"2023-11-29T19:06:27","date_gmt":"2023-11-29T18:06:27","guid":{"rendered":"https:\/\/www.ovildanse.fr\/?p=2652"},"modified":"2023-11-29T19:06:27","modified_gmt":"2023-11-29T18:06:27","slug":"soiree-de-noel-ovildanse","status":"publish","type":"post","link":"https:\/\/test.ovildanse.fr\/draft\/index.php\/2023\/11\/29\/soiree-de-noel-ovildanse\/","title":{"rendered":"Soir\u00e9e de No\u00ebl Ovil&rsquo;Danse"},"content":{"rendered":"\n<p><span id=\"idtxtDescription\" class=\"clEditA\" style=\"color: #993366;\">Retrouvez les photos de la soir\u00e9e dans notre rubrique <strong>Photos et Vid\u00e9os<\/strong> !<\/span><\/p>\n<p><span id=\"idtxtDescription\" class=\"clEditA\"><\/span><span id=\"idtxtDescription\" class=\"clEditA\"><img loading=\"lazy\" decoding=\"async\" class=\"aligncenter size-full wp-image-2653\"  title=\"\"  src=\"https:\/\/test.ovildanse.fr\/draft\/wp-content\/uploads\/2023\/11\/od-visuel-soiree-noel-2023-wp.jpg\"  alt=\"od-visuel-soiree-noel-2023-wp Soir\u00e9e de No\u00ebl Ovil&#039;Danse\"  width=\"1200\" height=\"1200\" \/><\/span><span id=\"idtxtDescription\" class=\"clEditA\">Ovil&rsquo;Danse vous convie \u00e0 sa soir\u00e9e de No\u00ebl (gratuite pour tous les adh\u00e9rents), samedi 16 d\u00e9cembre \u00e0 partir de 20h30.<br \/><br \/>Venez briller, scintiller de tous vos feux, venez illuminer cette soir\u00e9e et surtout venez faire la f\u00eate, manger, boire et bien s\u00fbr danser, laissez-vous entrainer par la musique dans une ambiance chaleureuse et festive.<\/span><span id=\"idtxtDescription\" class=\"clEditA\"><\/span><\/p>\n<p>Pour plus d\u2019information et confirmer votre pr\u00e9sence, il vous suffit d\u2019ouvrir l\u2019invitation \u00ab\u00a0zyvon\u00a0\u00bb qui vous a \u00e9t\u00e9 adress\u00e9e par mail (v\u00e9rifiez dans vos spams et faites-nous le savoir si tel n\u2019est pas le cas).<\/p>\n","protected":false},"excerpt":{"rendered":"<p>Retrouvez les photos de la soir\u00e9e dans notre rubrique Photos et Vid\u00e9os ! Ovil&rsquo;Danse vous convie \u00e0 sa soir\u00e9e de No\u00ebl (gratuite pour tous les adh\u00e9rents), samedi 16 d\u00e9cembre \u00e0 partir de 20h30. Venez briller, scintiller de tous vos feux, venez illuminer cette soir\u00e9e et surtout venez faire la f\u00eate, manger, boire et bien s\u00fbr [&hellip;]<\/p>\n","protected":false},"author":1,"featured_media":0,"comment_status":"open","ping_status":"open","sticky":false,"template":"","format":"standard","meta":{"footnotes":""},"categories":[2],"tags":[],"class_list":["post-2652","post","type-post","status-publish","format-standard","hentry","category-non-classe"],"_links":{"self":[{"href":"https:\/\/test.ovildanse.fr\/draft\/index.php\/wp-json\/wp\/v2\/posts\/2652","targetHints":{"allow":["GET"]}}],"collection":[{"href":"https:\/\/test.ovildanse.fr\/draft\/index.php\/wp-json\/wp\/v2\/posts"}],"about":[{"href":"https:\/\/test.ovildanse.fr\/draft\/index.php\/wp-json\/wp\/v2\/types\/post"}],"author":[{"embeddable":true,"href":"https:\/\/test.ovildanse.fr\/draft\/index.php\/wp-json\/wp\/v2\/users\/1"}],"replies":[{"embeddable":true,"href":"https:\/\/test.ovildanse.fr\/draft\/index.php\/wp-json\/wp\/v2\/comments?post=2652"}],"version-history":[{"count":0,"href":"https:\/\/test.ovildanse.fr\/draft\/index.php\/wp-json\/wp\/v2\/posts\/2652\/revisions"}],"wp:attachment":[{"href":"https:\/\/test.ovildanse.fr\/draft\/index.php\/wp-json\/wp\/v2\/media?parent=2652"}],"wp:term":[{"taxonomy":"category","embeddable":true,"href":"https:\/\/test.ovildanse.fr\/draft\/index.php\/wp-json\/wp\/v2\/categories?post=2652"},{"taxonomy":"post_tag","embeddable":true,"href":"https:\/\/test.ovildanse.fr\/draft\/index.php\/wp-json\/wp\/v2\/tags?post=2652"}],"curies":[{"name":"wp","href":"https:\/\/api.w.org\/{rel}","templated":true}]}}