{"id":2225,"date":"2021-06-10T22:47:17","date_gmt":"2021-06-10T21:47:17","guid":{"rendered":"https:\/\/www.ovildanse.fr\/?p=2225"},"modified":"2021-06-10T22:47:17","modified_gmt":"2021-06-10T21:47:17","slug":"reprise-des-cours-ce-samedi-12-juin","status":"publish","type":"post","link":"https:\/\/test.ovildanse.fr\/draft\/index.php\/2021\/06\/10\/reprise-des-cours-ce-samedi-12-juin\/","title":{"rendered":"Reprise des cours ce samedi 12 juin"},"content":{"rendered":"\n<figure class=\"wp-block-image size-large\"><img  title=\"\" decoding=\"async\" src=\"https:\/\/test.ovildanse.fr\/draft\/wp-content\/uploads\/2021\/06\/flash-special.png\"  alt=\"flash-special Reprise des cours ce samedi 12 juin\"  class=\"wp-image-2226\"\/><\/figure>\n\n\n\n<p align=\"JUSTIFY\">La team Ovil\u2019Danse est heureuse de pouvoir vous communiquer des nouvelles, enfin positives.<\/p>\n<p align=\"JUSTIFY\">En effet, la mairie nous autorise \u00e0 une reprise des cours de danse, de Pilates et de Zumba.<\/p>\n<p>Les cours de Pilates et de Zumba se tiendront aux horaires et lieux habituels d\u00e8s ce <strong>dimanche 13 juin<\/strong> (pour le Pilates) et <strong>lundi 14 juin<\/strong> (pour la Zumba). Bien entendu, le masque reste obligatoire pour l&rsquo;acc\u00e8s aux salles, dans le respect des gestes barri\u00e8res.<\/p>\n<p align=\"JUSTIFY\">S&rsquo;agissant des danses Latines, elles seront organis\u00e9es <u><strong>au centre Cousteau mais en ext\u00e9rieur ce samedi 12 juin.<\/strong><\/u><\/p>\n<ul>\n<li>L&rsquo;acc\u00e8s aux salles de ce centre n&rsquo;est \u00e0 ce jour, pas autoris\u00e9. Par contre, l&rsquo;acc\u00e8s aux toilettes dans le respect des gestes barri\u00e8res, sera possible.<\/li>\n<li>Pour l&rsquo;ensemble des cours de danse et pendant votre mobilit\u00e9 au sein du centre Cousteau, le port du masque sera demand\u00e9.<\/li>\n<\/ul>\n<p>Suite \u00e0 l\u2019indisponibilit\u00e9 de Nizard et Nelly<u> ce samedi 12 juin<\/u>, nous organisons les cours de Salsa et Bachata avec <strong>Rico<\/strong> comme professeur (actuellement professeur de Carri\u00e8res Danse).<\/p>\n<p>Les horaires seront les suivant :<\/p>\n<ul>\n<li>Salsa 1&amp;2\u00a0: 17h-18h<\/li>\n<li>Salsa 2&amp;3\u00a0: 18h-19h<\/li>\n<li>Bachata : 19h-20h. Les salseros qui souhaitent participer seront les bienvenu(e)s.<\/li>\n<\/ul>\n<p>Nous vous tiendrons inform\u00e9s d\u00e8s que possible pour l&rsquo;organisation des cours de danses latines et WCS du samedi suivant 19 juin.<\/p>\n","protected":false},"excerpt":{"rendered":"<p>La team Ovil\u2019Danse est heureuse de pouvoir vous communiquer des nouvelles, enfin positives. En effet, la mairie nous autorise \u00e0 une reprise des cours de danse, de Pilates et de Zumba. Les cours de Pilates et de Zumba se tiendront aux horaires et lieux habituels d\u00e8s ce dimanche 13 juin (pour le Pilates) et lundi [&hellip;]<\/p>\n","protected":false},"author":1,"featured_media":0,"comment_status":"open","ping_status":"open","sticky":false,"template":"","format":"standard","meta":{"footnotes":""},"categories":[2],"tags":[],"class_list":["post-2225","post","type-post","status-publish","format-standard","hentry","category-non-classe"],"_links":{"self":[{"href":"https:\/\/test.ovildanse.fr\/draft\/index.php\/wp-json\/wp\/v2\/posts\/2225","targetHints":{"allow":["GET"]}}],"collection":[{"href":"https:\/\/test.ovildanse.fr\/draft\/index.php\/wp-json\/wp\/v2\/posts"}],"about":[{"href":"https:\/\/test.ovildanse.fr\/draft\/index.php\/wp-json\/wp\/v2\/types\/post"}],"author":[{"embeddable":true,"href":"https:\/\/test.ovildanse.fr\/draft\/index.php\/wp-json\/wp\/v2\/users\/1"}],"replies":[{"embeddable":true,"href":"https:\/\/test.ovildanse.fr\/draft\/index.php\/wp-json\/wp\/v2\/comments?post=2225"}],"version-history":[{"count":1,"href":"https:\/\/test.ovildanse.fr\/draft\/index.php\/wp-json\/wp\/v2\/posts\/2225\/revisions"}],"predecessor-version":[{"id":3872,"href":"https:\/\/test.ovildanse.fr\/draft\/index.php\/wp-json\/wp\/v2\/posts\/2225\/revisions\/3872"}],"wp:attachment":[{"href":"https:\/\/test.ovildanse.fr\/draft\/index.php\/wp-json\/wp\/v2\/media?parent=2225"}],"wp:term":[{"taxonomy":"category","embeddable":true,"href":"https:\/\/test.ovildanse.fr\/draft\/index.php\/wp-json\/wp\/v2\/categories?post=2225"},{"taxonomy":"post_tag","embeddable":true,"href":"https:\/\/test.ovildanse.fr\/draft\/index.php\/wp-json\/wp\/v2\/tags?post=2225"}],"curies":[{"name":"wp","href":"https:\/\/api.w.org\/{rel}","templated":true}]}}