{"id":2056,"date":"2019-11-07T19:51:52","date_gmt":"2019-11-07T18:51:52","guid":{"rendered":"https:\/\/www.ovildanse.fr\/?p=2056"},"modified":"2019-11-07T19:51:52","modified_gmt":"2019-11-07T18:51:52","slug":"week-end-ovildanse-a-berck-sur-mer-2","status":"publish","type":"post","link":"https:\/\/test.ovildanse.fr\/draft\/index.php\/2019\/11\/07\/week-end-ovildanse-a-berck-sur-mer-2\/","title":{"rendered":"Week-end Ovildanse \u00e0 Berck-sur-Mer"},"content":{"rendered":"\n<p><img  title=\"\" loading=\"lazy\" decoding=\"async\" class=\"aligncenter size-large wp-image-2057\" src=\"https:\/\/test.ovildanse.fr\/draft\/wp-content\/uploads\/2019\/11\/affiche-berck-2019-724x1024.jpeg\"  alt=\"affiche-berck-2019-724x1024 Week-end Ovildanse \u00e0 Berck-sur-Mer\"  width=\"724\" height=\"1024\" \/><\/p>\n<p>Ovildanse vous donne rendez-vous comme chaque ann\u00e9e en bord de mer et vous propose de nombreuses heures de danse, sport et d\u00e9tente dans une ambiance tr\u00e8s conviviale.<\/p>\n<p>Le s\u00e9jour se d\u00e9roulera du vendredi 29 novembre au soir, jusqu&rsquo;au dimanche 1er d\u00e9cembre en fin d&rsquo;apr\u00e8s-midi.<br \/>Les cours se tiendront en journ\u00e9e du samedi et du dimanche, et une soir\u00e9e sera donn\u00e9e le samedi soir.<\/p>\n<p>Pour plus d&rsquo;informations et vous inscrire \u00e0 ce s\u00e9jour, il vous suffit d&rsquo;ouvrir l&rsquo;invitation qui vous a \u00e9t\u00e9 envoy\u00e9e\u00a0par mail.<\/p>\n","protected":false},"excerpt":{"rendered":"<p>Ovildanse vous donne rendez-vous comme chaque ann\u00e9e en bord de mer et vous propose de nombreuses heures de danse, sport et d\u00e9tente dans une ambiance tr\u00e8s conviviale. Le s\u00e9jour se d\u00e9roulera du vendredi 29 novembre au soir, jusqu&rsquo;au dimanche 1er d\u00e9cembre en fin d&rsquo;apr\u00e8s-midi.Les cours se tiendront en journ\u00e9e du samedi et du dimanche, et [&hellip;]<\/p>\n","protected":false},"author":1,"featured_media":0,"comment_status":"open","ping_status":"open","sticky":false,"template":"","format":"standard","meta":{"footnotes":""},"categories":[2],"tags":[],"class_list":["post-2056","post","type-post","status-publish","format-standard","hentry","category-non-classe"],"_links":{"self":[{"href":"https:\/\/test.ovildanse.fr\/draft\/index.php\/wp-json\/wp\/v2\/posts\/2056","targetHints":{"allow":["GET"]}}],"collection":[{"href":"https:\/\/test.ovildanse.fr\/draft\/index.php\/wp-json\/wp\/v2\/posts"}],"about":[{"href":"https:\/\/test.ovildanse.fr\/draft\/index.php\/wp-json\/wp\/v2\/types\/post"}],"author":[{"embeddable":true,"href":"https:\/\/test.ovildanse.fr\/draft\/index.php\/wp-json\/wp\/v2\/users\/1"}],"replies":[{"embeddable":true,"href":"https:\/\/test.ovildanse.fr\/draft\/index.php\/wp-json\/wp\/v2\/comments?post=2056"}],"version-history":[{"count":0,"href":"https:\/\/test.ovildanse.fr\/draft\/index.php\/wp-json\/wp\/v2\/posts\/2056\/revisions"}],"wp:attachment":[{"href":"https:\/\/test.ovildanse.fr\/draft\/index.php\/wp-json\/wp\/v2\/media?parent=2056"}],"wp:term":[{"taxonomy":"category","embeddable":true,"href":"https:\/\/test.ovildanse.fr\/draft\/index.php\/wp-json\/wp\/v2\/categories?post=2056"},{"taxonomy":"post_tag","embeddable":true,"href":"https:\/\/test.ovildanse.fr\/draft\/index.php\/wp-json\/wp\/v2\/tags?post=2056"}],"curies":[{"name":"wp","href":"https:\/\/api.w.org\/{rel}","templated":true}]}}